{"id":2982,"date":"2023-11-03T14:42:40","date_gmt":"2023-11-03T13:42:40","guid":{"rendered":"https:\/\/koferputolovac.com\/?p=2982"},"modified":"2026-05-03T14:53:11","modified_gmt":"2026-05-03T12:53:11","slug":"vampir-iz-kisiljeva-i-vampirska-princeza","status":"publish","type":"post","link":"https:\/\/koferputolovac.com\/en\/2023\/11\/03\/vampir-iz-kisiljeva-i-vampirska-princeza\/","title":{"rendered":"Petar Blagojevi\u0107 &#8211; vampir iz Kisiljeva"},"content":{"rendered":"<p class=\"wp-block-paragraph\"><em><strong>&#8222;DIARIUM&#8220;<\/strong><\/em>, austrijski dokument sa\u010dinjen 21. jula 1725. godine, zvani\u010dna je potvrda vekovnog postojanja pojave koja se na Balkanu naziva vampir. U moru smislenih re\u010di naslaganih po redovima tog trovekovnog zapisa provla\u010di se ime <strong>Petar Blagojevi\u0107<\/strong>. Seljanin iz <strong>Kisiljeva<\/strong>, iz Srbije, iz brani\u010devskog okruga. Te 1725. godine Petar je umro, sahranjen, a potom se i povampirio. U tom razdoblju vremena Brani\u010devom je gospodarilo Austrijsko Carstvo; vlast jo\u0161 uvek sve\u017ea nakon preuzimanja teritorija od onog drugog, Otomanskog Carstva.<\/p>\n\n\n\n<p class=\"wp-block-paragraph\">Austrijanci su kako danas tako i tada bili predani u evidentiranju, mapiranju i razumevanju svega do kamo su dobacivale kandze careva i carica iz Be\u010da. Na ju\u017enoj obali Dunava se i dan danas izle\u017eava ovo pitomo selo, u\u0161u\u0161kano iza rukavca \u0161irine oko 300 metara. Drema daleko od pogleda brodskih radoznalaca sa reke tamo iza ade, sa one druge strane rukavca ka severu. Odse\u010deno od sveta ve\u0107 evo 1,000 godina, Kisiljevo je odvojeno od puteva koji povezuju Po\u017earevac sa va\u017enim pristani\u0161tima, <strong>Veliko Gradi\u0161te<\/strong> nizvodno i tvr\u0111ava Ram gore uz tok velike reke. Skele su prevozile trgovce vekovima unazad, a danas biciklisti nastavljaju svoje kotrljanje prate\u0107i medjunarodne koridore EuroVelo 6 i 13, prelaskom pu\u010dine Dunava ispod tvr\u0111ave na metalnim skalamerijama.<\/p>\n\n\n\n<p class=\"wp-block-paragraph\">Selo, ve\u0107inski nastanjeno Srbima, te davne 1725. godine zatra\u017eilo je neobi\u010dnu pomo\u0107 od austrijskih carskih vlasti. Po\u0161ast koja je harala Kisiljevom nisu mogli sami da zaustave. Devetoro ljudi je zadavio vampir, uklju\u010duju\u0107i i sopstvenog sina. Morali su ga ili ubiti ili proterati. Kapetan iz Po\u017earevca, slu\u017ebenik austrijskih vlasti, donosi odluku da problemu pristupi na osmanlijski na\u010din. Jer Otomane nisu zanimale zavrzlame lokalnog stanovni\u0161tva, dok god je porez pristizao na vreme nisu se me\u0161ali u poslove me\u0161tana kolonija.<\/p>\n\n\n\n<p class=\"wp-block-paragraph\">Austrijanci su birokrate, a to je zahtevalo slanje depe\u0161a, tra\u017eenje dozvola i \u0161ta sve ne da bi se grob otkopao. Za to vreme vampir \u0107e napraviti ko zna kakvu \u0161tetu. Kapetan sa sobom dovodi jo\u0161 dvojicu oficira, a otkopavanju \u0107e prisustvovati i lokalni sve\u0161tenik koji je u ime zajednice pozvao pomo\u0107 carskih vlasti. Tu su i jo\u0161 dvojica seljana koji su odradili posao lopatama.<\/p>\n\n\n\n<p class=\"wp-block-paragraph\">Birokratija je zaobi\u0111ena, a zapisnik o doga\u0111aju detaljno je sa\u010dinjen:<\/p>\n\n\n\n<p class=\"wp-block-paragraph\">Imena svih prisutnih i u kom svojstvu bivaju na groblju, datum i vreme otkopavanja groba, mesto i ime pokopanog, detaljan opis razloga i ciljeva \u010ditave operacije, zate\u010deno stanje i preduzete mere. Telo u zemlji je bilo neraspadnuto. Izgledao je Petar kao da spava. Spava ali ne di\u0161e. Ni nalik ostalim le\u0161evima. Na licu mu je nedostajao deli\u0107 nosa, a oko usta mu sasu\u0161ena sve\u017ea krv. Kosa i nokti su mu dugi i prljavi bili. \u010clanovi komisije su proburazili grudi mrtvacu glogovim kocem nakon razotkrivanja, potom su spalili le\u0161, a u kona\u010dnici pepeo su prosuli u rukavac Dunava. &#8222;Ovaku pojavu u Kisiljevu nazivaju vampir!&#8220;, deo je izve\u0161taja koji je ovoj srpskoj re\u010di dao krila. Slu\u017ebena bele\u0161ka je otputovala u Be\u010d, a sa njom u Evropu i pojava povampirenja.<\/p>\n\n\n\n<p class=\"wp-block-paragraph\">Nakon 6 godina, carske vlasti u Be\u010du delegiraju ekspediciju za istra\u017eivanje ove pojave na prostorima gde dominira srpsko stanovni\u0161to. Na \u010delu tima bio je hirurg Johann Heinrich Glaser. Izve\u0161taji o vampirizmu na Balkanu su nastavili da se ni\u017eu jedan za drugim, jer ovakvu su pojavu zabele\u017eili i u Trsteniku, Medve\u0111i, Stala\u0107u, Kragujevcu,&#8230; Misionari su, pored prikupljanja informacija, bili zadu\u017eeni i da elimini\u0161u nemrtve. U tu svrhu pribegavali su ve\u0107 oprobanoj i pokazalo se uspe\u0161noj metodi iz Kisiljeva. Rezultati ekspedicije \u0107e pokazati da ova bi\u0107a \u017eive me\u0111u ljudima vekovima unazada. Niko ne zna od kada. Prvi pisani trag koji svedo\u010di postojanju vampira je <strong>&#8222;Du\u0161anov zakonik&#8220;<\/strong> iz 1349. godine, a u \u010dlanu 20. jasno pi\u0161e:<\/p>\n\n\n\n<p class=\"wp-block-paragraph\">&#8222;O vra\u010darima, koji tela mrtvih spaljuju:<br>I ljudi, koji vra\u010dbinama uzimaju iz grobova, te ih spaljuju, to selo, koje to u\u010dini, da plati vra\u017edu. A ako bude pop na to do\u0161ao, da mu se uzme popovstvo.&#8220;<\/p>\n\n\n\n<p class=\"wp-block-paragraph\">Nakon anga\u017emana ekipe iz Be\u010da usledio je kongres u Lajpcigu 1732. godine, kao logi\u010dan naredni korak. &#8216;Lajpci\u0161ka debata&#8217;, nazivana i &#8216;Vampirska debata&#8217;, okupila je mnoge eminentne nu\u010dnike tog doba koji bi mogli da daju prave odgovore na neka nova pitanaja. Jer pojavu opisanu u izve\u0161tajima hirurga Glaser-a trebalo je sagledati i objasniti iz ugla nauke. Kao i onu pre, istra\u017eenu i evidentiranu u selu Kisiljevo nedaleko od Velikog Gradi\u0161ta.<\/p>\n\n\n\n<p class=\"wp-block-paragraph\">Zaklju\u010dak kongresa je otrgao od zaborava do tada nepoznatu pojavu u Evropi, razotkriv\u0161i nemrtve i ovekove\u010div\u0161i \u010dinjenice o njihovom postojanju u nau\u010dnim krugovima i celokupnoj javnosti na kontinentu. Vampir, bi\u0107e sa Balkana ni \u017eivo ni mrtvo, dobilo je svoj slu\u017ebeni pe\u010dat. I tako jedina srpska re\u010d, mada neki ka\u017eu jedna od nekoliko, be\u0161e usvojena kao zvani\u010dna u mnogim drugim jezicima. A prvi zavedeni vampir na svetu bi Petar Blagojevi\u0107!<\/p>\n\n\n\n<p class=\"wp-block-paragraph\">Izve\u0161taj iz 1725. godine, odnosno dnevnik, u originalu <em>&#8216;DIARIUM&#8217;<\/em>, nalazi se u Nacionalnom muzeju u Berlinu. Takvim informacijama raspola\u017ee Mirko Bogi\u010di\u0107 is Kisiljeva. Mirko \u0107e svakog dobronamernog posetioca sela ugostiti i ponuditi svojim brendom <strong>&#8216;vampiru\u0161a&#8217;<\/strong>, a to bi bila \u0161ljivovica u kojoj se ba\u0161kari ona sitna ubita\u010dna ljuta papri\u010dica. Pisale su austrijske i nema\u010dke novine o doga\u0111aju u Kisiljevu, davitelju devetoro u svega nekoliko nedelja. Moglo se u tim tekstovima \u010ditati i o oficirima dzelatima, kao i o tome kako je vampiru potekla krv kroz nos i u\u0161i kada su mu ovi provukli kolac kroz srce, ali i jo\u0161 sva\u0161ta ne\u0161to.<\/p>\n\n\n\n<hr class=\"wp-block-separator has-alpha-channel-opacity\" \/>\n\n\n\n<p class=\"wp-block-paragraph\"><em>Pri\u010du o nema\u010dkoj vampirskoj princezi i uticaju balkanskog vampirizma na Evropu mo\u017eete prona\u0107i u tekstu: <a href=\"https:\/\/koferputolovac.com\/en\/2026\/05\/01\/eleonore-von-schwarzenberg-vampirska-princeza\/\">&#8222;<strong>Eleonore von Schwarzenberg<\/strong> &#8211; vampirska princeza&#8220;<\/a>.<\/em><\/p>\n\n\n\n<hr class=\"wp-block-separator has-alpha-channel-opacity\" \/>\n\n\n\n<p class=\"wp-block-paragraph\"><em>Izvor: Mirko Bogi\u010di\u0107 zvani Gibanica iz sela Kisiljevo, profesor istorije Goja iz varo\u0161i Veliko Gradi\u0161te i me\u0161tani sela Kisiljevo<\/em><\/p>\n\n\n\n<hr class=\"wp-block-separator has-alpha-channel-opacity\" \/>\n\n\n\n<p class=\"wp-block-paragraph\"><em>Author: Aleksandar Bogdanovi\u0107<\/em><\/p>","protected":false},"excerpt":{"rendered":"<p>Vampirska hronika &#8211; saznaj vi\u0161e o prvom srpskom vampiru &#8211; Petar Blagojevi\u0107 iz sela Kisiljevo<\/p>","protected":false},"author":230643957,"featured_media":5659,"comment_status":"open","ping_status":"open","sticky":false,"template":"","format":"standard","meta":{"advanced_seo_description":"","jetpack_seo_html_title":"","jetpack_seo_noindex":false,"jetpack_seo_schema_type":"","_jetpack_newsletter_access":"","_jetpack_dont_email_post_to_subs":false,"_jetpack_newsletter_tier_id":0,"_jetpack_memberships_contains_paywalled_content":false,"_wpcom_ai_launchpad_first_post":false,"_jetpack_feature_clip_id":0,"_jetpack_memberships_contains_paid_content":false,"footnotes":"","jetpack_publicize_message":"","jetpack_publicize_feature_enabled":true,"jetpack_social_post_already_shared":false,"jetpack_social_options":{"image_generator_settings":{"template":"highway","default_image_id":0,"font":"","enabled":false},"version":2},"jetpack_post_was_ever_published":false},"categories":[6830822,2622],"tags":[273,183857475,678,1099,660,65894,768486300,550903460,1400,179147218,56122567,349],"class_list":["post-2982","post","type-post","status-publish","format-standard","has-post-thumbnail","hentry","category-kofer","category-story","tag-blog","tag-content-create","tag-history","tag-nature","tag-people","tag-price","tag-stories-collect","tag-stories-create","tag-storytelling","tag-transcedentno","tag-vampirizam","tag-writing"],"jetpack_publicize_connections":[],"jetpack_likes_enabled":true,"jetpack_sharing_enabled":true,"jetpack_shortlink":"https:\/\/wp.me\/pevCtC-M6","jetpack-related-posts":[],"jetpack_featured_media_url":"https:\/\/i0.wp.com\/koferputolovac.com\/wp-content\/uploads\/2023\/11\/legende-09.jpg?fit=2000%2C915&ssl=1","_links":{"self":[{"href":"https:\/\/koferputolovac.com\/en\/wp-json\/wp\/v2\/posts\/2982","targetHints":{"allow":["GET"]}}],"collection":[{"href":"https:\/\/koferputolovac.com\/en\/wp-json\/wp\/v2\/posts"}],"about":[{"href":"https:\/\/koferputolovac.com\/en\/wp-json\/wp\/v2\/types\/post"}],"author":[{"embeddable":true,"href":"https:\/\/koferputolovac.com\/en\/wp-json\/wp\/v2\/users\/230643957"}],"replies":[{"embeddable":true,"href":"https:\/\/koferputolovac.com\/en\/wp-json\/wp\/v2\/comments?post=2982"}],"version-history":[{"count":24,"href":"https:\/\/koferputolovac.com\/en\/wp-json\/wp\/v2\/posts\/2982\/revisions"}],"predecessor-version":[{"id":6638,"href":"https:\/\/koferputolovac.com\/en\/wp-json\/wp\/v2\/posts\/2982\/revisions\/6638"}],"wp:featuredmedia":[{"embeddable":true,"href":"https:\/\/koferputolovac.com\/en\/wp-json\/wp\/v2\/media\/5659"}],"wp:attachment":[{"href":"https:\/\/koferputolovac.com\/en\/wp-json\/wp\/v2\/media?parent=2982"}],"wp:term":[{"taxonomy":"category","embeddable":true,"href":"https:\/\/koferputolovac.com\/en\/wp-json\/wp\/v2\/categories?post=2982"},{"taxonomy":"post_tag","embeddable":true,"href":"https:\/\/koferputolovac.com\/en\/wp-json\/wp\/v2\/tags?post=2982"}],"curies":[{"name":"wp","href":"https:\/\/api.w.org\/{rel}","templated":true}]}}