{"id":358,"date":"2023-02-25T12:37:09","date_gmt":"2023-02-25T11:37:09","guid":{"rendered":"https:\/\/koferputolovac.com\/?p=358"},"modified":"2026-08-29T22:36:59","modified_gmt":"2026-08-29T20:36:59","slug":"porto-portugal","status":"publish","type":"post","link":"https:\/\/koferputolovac.com\/en\/2023\/02\/25\/porto-portugal\/","title":{"rendered":"Porto &#8211; Porto"},"content":{"rendered":"<p class=\"has-text-align-center wp-block-paragraph\">Nakon nekolikosatnog protr\u010davanja kroz <strong>Porto<\/strong> i potonjeg petodnevnog upoznavanja <strong>Lisabona<\/strong>, vratili smo se nazad na isti na\u010din kao i kada smo sa severa nestrpljivo hrlili ka jugu, <strong>FlixBus<\/strong>-om. \u010citav boravak u <strong>Portugaliji<\/strong> smo upakovali u sedam no\u0107enja i isti broj dana.<\/p>\n\n\n\n<p class=\"has-text-align-center wp-block-paragraph\">Mogu\u0107i sme\u0161taj u strogom centru grada<\/p>\n\n\n\n<p class=\"has-text-align-center wp-block-paragraph\">Znatno manji Porto po mnogo \u010demu podse\u0107a na svog starijeg brata, \u0161mekera Lisabon. Autobuska stanica se nalazi nedaleko od centralnog gradskog trga <strong>Aliados<\/strong>, nama ve\u0107 poznata lokacija, gde se nalazi na\u0161 sme\u0161taj u kome smo prespavali dve no\u0107i. Vrlo povoljan boravak u hotelu <strong>Chique<\/strong> sa dve zvezdice. Ali zato lokacija idealna.<\/p>\n\n\n\n<p class=\"has-text-align-center wp-block-paragraph\">To je jedna od onih uzanih zgrada od tri ili \u010detiri sprata, svaka slepljena uz onu do sebe, kao \u0161to se mo\u017ee videti i u <strong>Starom gradu<\/strong> u <strong>Beogradu<\/strong>. Barokna fasada, uzano vijugavo stepeni\u0161te opto\u010deno kitnjastim gelenderima, prastari lift i visoki plafoni. I tako do drugog sprata na kome se nalazi recepcija hotela. Sve uredno i \u010disto, miri\u0161e na staro, a etisoni sakrivaju kamene hodnike i pod lifta. I u sobi je sve gotovo anti\u010dko, vrata, kalauz, name\u0161taj i sistem za grejanje nikada vi\u0111en do tada. Prozori su jednostakleni i sve se unutar sobe \u010duje kao da smo spavali na balkonu, kojeg istini za volju nismo imali. Ljubazno osoblje nam je upotpunilo prijatnu sliku o hotelu kao udobnom, toplom i u\u0161u\u0161kanom propertiju.<\/p>\n\n\n\n<p class=\"has-text-align-center wp-block-paragraph\">\u010citav trg Aliados je okru\u017een sli\u010dnim fasadama i nekim od najrasko\u0161nijih zdanja Porta. Plato je kaldrmisan, uzan i neuobi\u010dajeno razvu\u010den, u du\u017eini od nekoliko stotina metara. Nalik na neki biv\u0161i bulevar koji je svoje kocke prepustio pe\u0161acima. Takav je barem onaj ve\u0107i deo po sredini, dok sa obe strane pe\u0161a\u010dku zonu okru\u017euju jednosmerne, dvokolovozne ulice spojene nekolicinom popre\u010dnih.<\/p>\n\n\n\n<figure class=\"wp-block-image aligncenter size-large\"><a href=\"https:\/\/i0.wp.com\/koferputolovac.com\/wp-content\/uploads\/2023\/02\/porto-01.jpg?ssl=1\"><img data-recalc-dims=\"1\" loading=\"lazy\" decoding=\"async\" width=\"1024\" height=\"461\" data-attachment-id=\"5463\" data-permalink=\"https:\/\/koferputolovac.com\/en\/2023\/02\/25\/porto-portugal\/porto-01\/\" data-orig-file=\"https:\/\/i0.wp.com\/koferputolovac.com\/wp-content\/uploads\/2023\/02\/porto-01.jpg?fit=1024%2C461&amp;ssl=1\" data-orig-size=\"1024,461\" data-comments-opened=\"1\" data-image-meta=\"{&quot;aperture&quot;:&quot;2&quot;,&quot;credit&quot;:&quot;&quot;,&quot;camera&quot;:&quot;SM-A515F&quot;,&quot;caption&quot;:&quot;&quot;,&quot;created_timestamp&quot;:&quot;1644159343&quot;,&quot;copyright&quot;:&quot;&quot;,&quot;focal_length&quot;:&quot;4.6&quot;,&quot;iso&quot;:&quot;32&quot;,&quot;shutter_speed&quot;:&quot;0.00045892611289582&quot;,&quot;title&quot;:&quot;&quot;,&quot;orientation&quot;:&quot;1&quot;,&quot;latitude&quot;:&quot;41.148833199722&quot;,&quot;longitude&quot;:&quot;-8.6111451997222&quot;}\" data-image-title=\"Porto-01\" data-image-description=\"\" data-image-caption=\"\" data-large-file=\"https:\/\/i0.wp.com\/koferputolovac.com\/wp-content\/uploads\/2023\/02\/porto-01.jpg?fit=1024%2C461&amp;ssl=1\" src=\"https:\/\/i0.wp.com\/koferputolovac.com\/wp-content\/uploads\/2023\/02\/porto-01.jpg?resize=1024%2C461&#038;ssl=1\" alt=\"\" class=\"wp-image-5463\" \/><\/a><\/figure>\n\n\n\n<p class=\"has-text-align-center wp-block-paragraph\">Plato, kao i \u010ditav grad, blago stremi nani\u017ee po\u010dev\u0161i od monumentalne gradske skup\u0161tine na vrhu pa sve do spomenika kralju oslobodiocu i prvom vladaru brazilske imperije <strong>Dom Pedro IV<\/strong> u dnu.<\/p>\n\n\n\n<p class=\"has-text-align-center wp-block-paragraph\">Razglednica Porta<\/p>\n\n\n\n<p class=\"has-text-align-center wp-block-paragraph\">Svi ljubitelji opijaju\u0107e blistavosti arhitekture, utkane u Porto kroz mnoge svoje istorijske faze usavr\u0161avanja poput renesanse, baroka, secesije, klasicizma,&#8230;, na pravom ste mestu! Delo neoklasicizma, meni nakon gotike omiljeni stil, gradska skup\u0161tine je prema mom skromnom mi\u0161ljenu najimpresivnija gra\u0111evina u gradu, nastala pre ne\u0161to vi\u0161e od stotinu godina.<\/p>\n\n\n\n<p class=\"has-text-align-center wp-block-paragraph\"> Crkve su povezane neraskidivom sponom sa arhitektonskom umetno\u0161\u0107u, a me\u0111u njima nesumnjivo upe\u010datljivo mesto zauzima <strong>Porto Cathedral<\/strong>. Romaneska sa elememntima gotike u atrijumu, odnosno klausteru samostana okru\u017eenom tremovima na stubovima. Crkva <strong>Igreja Paroquial de Santo Ildefonso<\/strong> je delo baroka, a njena fasada oblepljena plavo-belim plo\u010dicama blista na svetlosti sunca koje u ovom delu Evrope dominira ve\u0107im delom godine. Katoli\u010dka bogomolja iz osamnaestog veka je deo fotografije u mojoj glavi onakve Portugalije kako sam zami\u0161ljao gradove i arhitekturu ove male obalske dr\u017eave na Pirinejskom poluostrvu.<\/p>\n\n\n\n<p class=\"has-text-align-center wp-block-paragraph\">Muzej umetnosti je zdanje koje je svakako vredno posete ali mi nismo imali dovoljno vremena da ga ubacimo u na\u0161 program. Mno\u0161tvo spomenika znamenitih li\u010dnosti ra\u0161trkanih po istorijskom delu grada su deo razglednice Porta od oko 1.300.000 ljudi unutar svoje urbane zone. Sva ta masa se blago spu\u0161ta kroz sve uzanije ulice i niz stepeni\u0161ta do strmih, stenovitih obala reke <strong>Douro<\/strong>, nedaleko od svog u\u0161\u0107a u Atlantik. Za razliku od svog brata Lisabona, \u010dija je urbana okolina dom za oko 3 miliona ljudi, Porto le\u017ei na liticama iznad vode, preko krovova \u0161arenih ku\u0107a usa\u0111enih u stene ovih prirodnih, obalnih zidova od kamena.<\/p>\n\n\n\n<p class=\"has-text-align-center wp-block-paragraph\">Fasade ovih uzidanih ku\u0107a i zdanja razli\u010ditih namena, kao i ostalih zdgrada na obali reke su u pastelnim bojama, neke oblepljene isto tako \u0161arenim plo\u010dicama i bude vrlo lepe emocije. Karakteristi\u010dne su i po velikim prozorima i izlazima na balkone u nizu. To su oni minijaturni balkoni dovoljni da se na njih iza\u0111e, stane i to je to. Iza vas je balkonsko okno, a ispred kitnjasta ograda. I ovde se kao i u Lisabonu sa njih pobedonosno vijori ve\u0161 ljudi koji stanuju iza svih tih prozora. Ispod se izle\u017eavaju terase restorana i pabova, kamene uli\u010dice i mno\u0161tvo stepeni\u0161ta kojim mar\u0161iraju ljudi kao kolonija mrava.<\/p>\n\n\n\n<figure class=\"wp-block-image aligncenter size-large\"><a href=\"https:\/\/i0.wp.com\/koferputolovac.com\/wp-content\/uploads\/2023\/02\/porto-02.jpg?ssl=1\"><img data-recalc-dims=\"1\" loading=\"lazy\" decoding=\"async\" width=\"1024\" height=\"461\" data-attachment-id=\"5465\" data-permalink=\"https:\/\/koferputolovac.com\/en\/2023\/02\/25\/porto-portugal\/porto-02\/\" data-orig-file=\"https:\/\/i0.wp.com\/koferputolovac.com\/wp-content\/uploads\/2023\/02\/porto-02.jpg?fit=1024%2C461&amp;ssl=1\" data-orig-size=\"1024,461\" data-comments-opened=\"1\" data-image-meta=\"{&quot;aperture&quot;:&quot;2&quot;,&quot;credit&quot;:&quot;&quot;,&quot;camera&quot;:&quot;SM-A515F&quot;,&quot;caption&quot;:&quot;&quot;,&quot;created_timestamp&quot;:&quot;1644670999&quot;,&quot;copyright&quot;:&quot;&quot;,&quot;focal_length&quot;:&quot;4.6&quot;,&quot;iso&quot;:&quot;32&quot;,&quot;shutter_speed&quot;:&quot;0.00064102564102564&quot;,&quot;title&quot;:&quot;&quot;,&quot;orientation&quot;:&quot;1&quot;,&quot;latitude&quot;:&quot;41.140672899722&quot;,&quot;longitude&quot;:&quot;-8.6143493&quot;}\" data-image-title=\"Porto-02\" data-image-description=\"\" data-image-caption=\"\" data-large-file=\"https:\/\/i0.wp.com\/koferputolovac.com\/wp-content\/uploads\/2023\/02\/porto-02.jpg?fit=1024%2C461&amp;ssl=1\" src=\"https:\/\/i0.wp.com\/koferputolovac.com\/wp-content\/uploads\/2023\/02\/porto-02.jpg?resize=1024%2C461&#038;ssl=1\" alt=\"\" class=\"wp-image-5465\" \/><\/a><\/figure>\n\n\n\n<p class=\"has-text-align-center wp-block-paragraph\">Obalu dodatno ulep\u0161avaju i mnogobrojne ukotvljene \u0161arene, drvene la\u0111e, kako maju\u0161ne tako i one ve\u0107e. Sve ovo i jo\u0161 mnogo vi\u0161e je deo grada severno od reke Douro. Sa obalom onog ju\u017enog, novijeg dela, spaja ga nekolicina lu\u010dnih mostova visoko iznad glava i crvenih krovova du\u017e re\u010dnog keja. A sa vrha litice, iznad ku\u0107a, \u0161etali\u0161ta i brodova, na nekoliko lokacija, mogu\u0107e je u\u017eivati u zadivljuju\u0107em pogledu na sve ispod i po obodu, na Porto katedralu, susednu obalu sa svim vise\u0107im zgradama u stenama i dalje dole ka jugu&#8230;<\/p>\n\n\n\n<figure class=\"wp-block-image aligncenter size-large\"><a href=\"https:\/\/i0.wp.com\/koferputolovac.com\/wp-content\/uploads\/2023\/02\/porto-03.jpg?ssl=1\"><img data-recalc-dims=\"1\" loading=\"lazy\" decoding=\"async\" width=\"1024\" height=\"461\" data-attachment-id=\"5466\" data-permalink=\"https:\/\/koferputolovac.com\/en\/2023\/02\/25\/porto-portugal\/porto-03\/\" data-orig-file=\"https:\/\/i0.wp.com\/koferputolovac.com\/wp-content\/uploads\/2023\/02\/porto-03.jpg?fit=1024%2C461&amp;ssl=1\" data-orig-size=\"1024,461\" data-comments-opened=\"1\" data-image-meta=\"{&quot;aperture&quot;:&quot;2&quot;,&quot;credit&quot;:&quot;&quot;,&quot;camera&quot;:&quot;SM-A515F&quot;,&quot;caption&quot;:&quot;&quot;,&quot;created_timestamp&quot;:&quot;1644669090&quot;,&quot;copyright&quot;:&quot;&quot;,&quot;focal_length&quot;:&quot;4.6&quot;,&quot;iso&quot;:&quot;32&quot;,&quot;shutter_speed&quot;:&quot;0.00033602150537634&quot;,&quot;title&quot;:&quot;&quot;,&quot;orientation&quot;:&quot;1&quot;,&quot;latitude&quot;:&quot;41.142869799722&quot;,&quot;longitude&quot;:&quot;-8.6159655997222&quot;}\" data-image-title=\"Porto-03\" data-image-description=\"\" data-image-caption=\"\" data-large-file=\"https:\/\/i0.wp.com\/koferputolovac.com\/wp-content\/uploads\/2023\/02\/porto-03.jpg?fit=1024%2C461&amp;ssl=1\" src=\"https:\/\/i0.wp.com\/koferputolovac.com\/wp-content\/uploads\/2023\/02\/porto-03.jpg?resize=1024%2C461&#038;ssl=1\" alt=\"\" class=\"wp-image-5466\" \/><\/a><\/figure>\n\n\n\n<p class=\"has-text-align-center wp-block-paragraph\">Najpoznatije stepeni\u0161te Porta i okoline je <strong>Bom Jesus do Monte<\/strong>, a nalazi se van grada. Oko \u0161est stotina stepenika okru\u017eeno vrtom, na jednom od brda udaljenom od grada 50-tak kilometara nismo obi\u0161li, ali zato jesmo uspeli da se uspentramo uz, verovatno, ne manji broj kamenih prepreka iz podno\u017eja grada na obali, natrag sve do istorijskog centra Porta. Po\u010dev\u0161i od keja ispod metalne konstrukcije mosta koji spaja dve obale, tabanali smo navi\u0161e pre\u0161av\u0161i nekoliko stotina stepenika i rampi izme\u0111u grafita, pored malih restorana, kroz uzane prolaze i uli\u010dice, ispod kapaju\u0107eg ve\u0161a sa fasada zgrada,&#8230;<\/p>\n\n\n\n<p class=\"has-text-align-center wp-block-paragraph\">Porto je izgradjen, nalik Lisabonu, na u\u0161\u010du reke u Atlantik. I ovaj grad ima svoju pla\u017eu, ba\u0161 kao i ona ju\u017enije, ne ba\u0161 za plivanje u hladnom okeanu, ali zato idealnu za surfing i momente samohipnotisanja gledaju\u0107i u snagu i mo\u0107 vode. Sa pla\u017ee ili iz nekog od restorana. Ovde je pla\u017ea znatno stenovitija i urbanizovanija u odnosu na onu lisabonsku. Ispunjena je sadr\u017eajima, restoranima, pabovima, kafeterijama i ljudima, a grad le\u017ei na obali.<\/p>\n\n\n\n<p class=\"wp-block-paragraph\">&#8230;<\/p>\n\n\n\n<p class=\"has-text-align-center wp-block-paragraph\">Dva dana u Portu nama nisu bila dovolja, ali dan ili dva vi\u0161e bi bio pun pogodak. Put nazad za <strong>M\u00fcnster<\/strong> nas je vodio istom rutom, ljubi\u010dasta linija metroa sa stanice <strong>Trindade<\/strong> blizu Aliadosa, avion do <strong>Dortmunda<\/strong> i u kona\u010dnici voz do na\u0161eg grada i na\u0161eg doma.<\/p>\n\n\n\n<p class=\"has-text-align-center wp-block-paragraph\">Da li vam se ikada dogodilo da sanjate svoju najdra\u017eu osobu u \u017eivotu, svoje voljeno bi\u0107e koje ne mora biti \u010dovek, a da je lik, fizi\u010dki oblik ili glas u snu neke potpuno druge, nepoznate figure? Verujem da jeste. I meni se de\u0161avalo. Svi vi koji imate takvo iskustvo znate kakav je ose\u0107aj kada se probudite. Mene je vodila ista takva emocija u Portu. Nikada pre nisam bio u ovom meni neznanom gradu ali me je sve vreme u njemu pratio ose\u0107aj da se nas dvojica dobro poznajemo i razumemo. Jedna \u010dista i divna energija! <\/p>","protected":false},"excerpt":{"rendered":"<p>Nalik snu o najdragocenijoj osobi, pritom nepoznatog lica i glasa<\/p>","protected":false},"author":230643957,"featured_media":5462,"comment_status":"open","ping_status":"open","sticky":false,"template":"","format":"standard","meta":{"advanced_seo_description":"","jetpack_seo_html_title":"","jetpack_seo_noindex":false,"jetpack_seo_schema_type":"","_jetpack_newsletter_access":"","_jetpack_dont_email_post_to_subs":false,"_jetpack_newsletter_tier_id":0,"_jetpack_memberships_contains_paywalled_content":false,"_wpcom_ai_launchpad_first_post":false,"_jetpack_feature_clip_id":0,"_jetpack_memberships_contains_paid_content":false,"footnotes":"","jetpack_publicize_message":"","jetpack_publicize_feature_enabled":true,"jetpack_social_post_already_shared":false,"jetpack_social_options":{"image_generator_settings":{"template":"highway","default_image_id":0,"font":"","enabled":false},"version":2},"jetpack_post_was_ever_published":false},"categories":[203155,778393568,200],"tags":[7117,26271],"class_list":["post-358","post","type-post","status-publish","format-standard","has-post-thumbnail","hentry","category-evropa","category-putolov","category-travel","tag-city","tag-journey"],"jetpack_publicize_connections":[],"jetpack_likes_enabled":true,"jetpack_sharing_enabled":true,"jetpack_shortlink":"https:\/\/wp.me\/pevCtC-5M","jetpack-related-posts":[],"jetpack_featured_media_url":"https:\/\/i0.wp.com\/koferputolovac.com\/wp-content\/uploads\/2023\/02\/porto.jpg?fit=2000%2C900&ssl=1","_links":{"self":[{"href":"https:\/\/koferputolovac.com\/en\/wp-json\/wp\/v2\/posts\/358","targetHints":{"allow":["GET"]}}],"collection":[{"href":"https:\/\/koferputolovac.com\/en\/wp-json\/wp\/v2\/posts"}],"about":[{"href":"https:\/\/koferputolovac.com\/en\/wp-json\/wp\/v2\/types\/post"}],"author":[{"embeddable":true,"href":"https:\/\/koferputolovac.com\/en\/wp-json\/wp\/v2\/users\/230643957"}],"replies":[{"embeddable":true,"href":"https:\/\/koferputolovac.com\/en\/wp-json\/wp\/v2\/comments?post=358"}],"version-history":[{"count":25,"href":"https:\/\/koferputolovac.com\/en\/wp-json\/wp\/v2\/posts\/358\/revisions"}],"predecessor-version":[{"id":5794,"href":"https:\/\/koferputolovac.com\/en\/wp-json\/wp\/v2\/posts\/358\/revisions\/5794"}],"wp:featuredmedia":[{"embeddable":true,"href":"https:\/\/koferputolovac.com\/en\/wp-json\/wp\/v2\/media\/5462"}],"wp:attachment":[{"href":"https:\/\/koferputolovac.com\/en\/wp-json\/wp\/v2\/media?parent=358"}],"wp:term":[{"taxonomy":"category","embeddable":true,"href":"https:\/\/koferputolovac.com\/en\/wp-json\/wp\/v2\/categories?post=358"},{"taxonomy":"post_tag","embeddable":true,"href":"https:\/\/koferputolovac.com\/en\/wp-json\/wp\/v2\/tags?post=358"}],"curies":[{"name":"wp","href":"https:\/\/api.w.org\/{rel}","templated":true}]}}