{"id":6332,"date":"2025-12-09T18:33:17","date_gmt":"2025-12-09T16:33:17","guid":{"rendered":"https:\/\/koferputolovac.com\/?p=6332"},"modified":"2026-05-10T15:23:03","modified_gmt":"2026-05-10T13:23:03","slug":"vikac-zaboravljena-rec-planinskih-zaseoka","status":"publish","type":"post","link":"https:\/\/koferputolovac.com\/en\/2025\/12\/09\/vikac-zaboravljena-rec-planinskih-zaseoka\/","title":{"rendered":"Vika\u010d \u2013 zaboravljena re\u010d planinskih zaseoka"},"content":{"rendered":"<h3 class=\"wp-block-heading\"><em>\u201eZnoj mu je preskakao bore na licu u gra\u0161kama dok je dozivao kom\u0161iju sa druge strane dola.\u201c<\/em><\/h3>\n\n\n\n<p class=\"wp-block-paragraph\">Planinski predeli Srbije, tamo gde glas \u010doveka putuje dalje od koraka, a zvuk mukanja razle\u017ee izme\u0111u brda, \u010duvaju jednu zanimljivu i gotovo zaboravljenu re\u010d &#8211; vika\u010d. Danas \u017eivi samo u se\u0107anjima onih starijih, iako je nekada imala va\u017enu ulogu u svakodnevici seoskih zajednica, posebno u udaljenim, brdskim delovima zemlje.<\/p>\n\n\n\n<hr class=\"wp-block-separator has-alpha-channel-opacity\" \/>\n\n\n\n<h3 class=\"wp-block-heading has-large-font-size\">\u0160ta je vika\u010d?<\/h3>\n\n\n\n<p class=\"wp-block-paragraph\">Vika\u010d je naziv za osobu koja glasno doziva ljude sa udaljenosti, naj\u010de\u0161\u0107e sa brda na brdo ili iz jedne mahale zajednicu u drugoj. To je \u010dovek koji prenosi poruke glasom, umesto uobi\u010dajenim dana\u0161njim metodama. Nekada je to bio sastavni deo komunikacije me\u0111u doma\u0107instvima, naro\u010dito u razu\u0111enim selima rasutim po padinama.<\/p>\n\n\n\n<hr class=\"wp-block-separator has-alpha-channel-opacity\" \/>\n\n\n\n<p class=\"wp-block-paragraph\"><em>U jednom od \u010dlanaka bloga Kofer Putolovac mo\u017eete pro\u010ditati i sadr\u017eaj koji opisuje obrede vezane predmet <a href=\"https:\/\/koferputolovac.com\/en\/2025\/12\/10\/zavoranj-sila-koja-tera-nevolju\/\">&#8222;zavoranj&#8220;<\/a>.<\/em><\/p>\n\n\n\n<hr class=\"wp-block-separator has-alpha-channel-opacity\" \/>\n\n\n\n<h3 class=\"wp-block-heading has-large-font-size\">Kako je vika\u010d obavljao svoju du\u017enost?<\/h3>\n\n\n\n<p class=\"wp-block-paragraph\">Vika\u010d bi naj\u010de\u0161\u0107e stajao na nekom uzvi\u0161enju &#8211; steni otvorenog pogleda ili livadi iznad sela. To su ta\u010dke najboljeg mogu\u0107eg odjeka odakle su kratkim, jasnim povicima pozivali ili prenosili poruke:<\/p>\n\n\n\n<ul class=\"wp-block-list\">\n<li>poziv na sahranu, slavu ili prelo<\/li>\n\n\n\n<li>najava okupljanja celog sela na mobu<\/li>\n\n\n\n<li>javljanje da je stoka pobegla iz mahale, a voda je isparila<\/li>\n\n\n\n<li>obave\u0161tenje da su se u nekom zaseoku nabesa rasrdila ili je zemlja o\u017eednela<\/li>\n<\/ul>\n\n\n\n<hr class=\"wp-block-separator has-alpha-channel-opacity\" \/>\n\n\n\n<h3 class=\"wp-block-heading has-large-font-size\">Jezik koji odjekuje<\/h3>\n\n\n\n<p class=\"wp-block-paragraph\">Re\u010d vika\u010d neguje u sebi arhai\u010dku jednostavnost. Poti\u010de od glagola vikati, a svojom suvislo\u0161\u0107u opisuje i funkciju i \u010doveka. Neposredna je i \u010dista, ba\u0161 kao i komunikacija koju predstavlja. Nema skrivene simbolike.<\/p>\n\n\n\n<p class=\"wp-block-paragraph\">Nekoliko interesantnih termina povezano je sa ovom re\u010dju. Zabele\u017eio sam ih tokom razgovora sa ljudima iz sela Donje Zaro\u017eje:<\/p>\n\n\n\n<ul class=\"wp-block-list\">\n<li>vikar \u2013 kori\u0161\u0107en u \u0161ali kao varijanta za re\u010d vika\u010d<\/li>\n\n\n\n<li>vika\u010dina \u2013 opis na\u010dina vikanja ili glas osobe tokom javljanja<\/li>\n\n\n\n<li>vika\u010d \u2013 ostaje najstandardniji i najprepoznatljiviji oblik re\u010di za funkciju<\/li>\n<\/ul>\n\n\n\n<hr class=\"wp-block-separator has-alpha-channel-opacity\" \/>\n\n\n\n<h3 class=\"wp-block-heading has-large-font-size\">Organizacija i praksa funkcije<\/h3>\n\n\n\n<ul class=\"wp-block-list\">\n<li>vika\u010d se birao u mahalama, naj\u010de\u0161\u0107e mu\u0161karac prodornog glasa<\/li>\n\n\n\n<li>jedan vika\u010d je bio dovoljan po zaseoku. Planinski odjek mu je bio saveznik<\/li>\n\n\n\n<li>ponekad su kori\u0161\u0107ene kratke lokalne pesmice ili fraze za dozivanje i dru\u017eenje<\/li>\n<\/ul>\n\n\n\n<hr class=\"wp-block-separator has-alpha-channel-opacity\" \/>\n\n\n\n<h3 class=\"wp-block-heading has-large-font-size\">Kulturni zna\u010daj<\/h3>\n\n\n\n<p class=\"wp-block-paragraph\">Vika\u010d simbolizuje blizinu u udaljenosti, dostupnost u razdvojenosti, bliskost u otu\u0111enosti. O\u010duvanje ovog znanja poma\u017ee da zadr\u017eimo uvid u na\u010din \u017eivota, jezik i obi\u010daje zajednica zaba\u010denih sela. Danas nas podse\u0107a da je glas pro\u0161losti imao kako svoj put tako i te\u017einu. Nekada \u010dak i od \u017eivotnog zna\u010daja.<\/p>\n\n\n\n<hr class=\"wp-block-separator has-alpha-channel-opacity\" \/>\n\n\n\n<h3 class=\"wp-block-heading has-large-font-size\">Za\u0161to je va\u017ean nezaborav ovakvih re\u010di?<\/h3>\n\n\n\n<p class=\"wp-block-paragraph\">Svaka stara re\u010d je enkapsulacija deli\u0107a kulture. U sebi \u010duva na\u010din \u017eivota \u010doveka, navike zajednice, pejza\u017ee zemlje, zvuk i vreme prohujale davnine. Funkcija vika\u010da \u010duva se\u0107anje na period kada je ljudski glas bio veza me\u0111u brdima, a kom\u0161ije su bile udaljene na povik ili dva.<\/p>\n\n\n\n<hr class=\"wp-block-separator has-alpha-channel-opacity\" \/>\n\n\n\n<p class=\"wp-block-paragraph\">Mo\u017eda \u0107e ba\u0161 ova re\u010d, iako jednostavna, nekome doneti toplinu.<\/p>\n\n\n\n<hr class=\"wp-block-separator has-alpha-channel-opacity\" \/>\n\n\n\n<p class=\"wp-block-paragraph\"><em>Author: Aleksandar Bogdanovi\u0107<\/em><\/p>","protected":false},"excerpt":{"rendered":"<p>Otkrijte pri\u010du o vika\u010dima \u2013 mu\u0161karcima sna\u017enog glasa koji su prenosili poruke preko planinskih sela. Etnolingvisti\u010dka bele\u0161ka o \u017eivotu u brdskim zajednicama<\/p>","protected":false},"author":230643957,"featured_media":6360,"comment_status":"open","ping_status":"open","sticky":false,"template":"","format":"standard","meta":{"advanced_seo_description":"","jetpack_seo_html_title":"","jetpack_seo_noindex":false,"jetpack_seo_schema_type":"","_jetpack_newsletter_access":"","_jetpack_dont_email_post_to_subs":false,"_jetpack_newsletter_tier_id":0,"_jetpack_memberships_contains_paywalled_content":false,"_wpcom_ai_launchpad_first_post":false,"_jetpack_feature_clip_id":0,"_jetpack_memberships_contains_paid_content":false,"footnotes":"","jetpack_publicize_message":"","jetpack_publicize_feature_enabled":true,"jetpack_social_post_already_shared":false,"jetpack_social_options":{"image_generator_settings":{"template":"highway","default_image_id":0,"font":"","enabled":false},"version":2},"jetpack_post_was_ever_published":false},"categories":[6830822,2622],"tags":[273,183857475,678,26271,117632,16731,195792,1099,903781,660,768486300,1400,349],"class_list":["post-6332","post","type-post","status-publish","format-standard","has-post-thumbnail","hentry","category-kofer","category-story","tag-blog","tag-content-create","tag-history","tag-journey","tag-knjizevnost","tag-kultura","tag-ljudi","tag-nature","tag-obicaji","tag-people","tag-stories-collect","tag-storytelling","tag-writing"],"jetpack_publicize_connections":[],"jetpack_likes_enabled":true,"jetpack_sharing_enabled":true,"jetpack_shortlink":"https:\/\/wp.me\/pevCtC-1E8","jetpack-related-posts":[],"jetpack_featured_media_url":"https:\/\/i0.wp.com\/koferputolovac.com\/wp-content\/uploads\/2025\/12\/legende-17.jpg?fit=2000%2C915&ssl=1","_links":{"self":[{"href":"https:\/\/koferputolovac.com\/en\/wp-json\/wp\/v2\/posts\/6332","targetHints":{"allow":["GET"]}}],"collection":[{"href":"https:\/\/koferputolovac.com\/en\/wp-json\/wp\/v2\/posts"}],"about":[{"href":"https:\/\/koferputolovac.com\/en\/wp-json\/wp\/v2\/types\/post"}],"author":[{"embeddable":true,"href":"https:\/\/koferputolovac.com\/en\/wp-json\/wp\/v2\/users\/230643957"}],"replies":[{"embeddable":true,"href":"https:\/\/koferputolovac.com\/en\/wp-json\/wp\/v2\/comments?post=6332"}],"version-history":[{"count":25,"href":"https:\/\/koferputolovac.com\/en\/wp-json\/wp\/v2\/posts\/6332\/revisions"}],"predecessor-version":[{"id":6763,"href":"https:\/\/koferputolovac.com\/en\/wp-json\/wp\/v2\/posts\/6332\/revisions\/6763"}],"wp:featuredmedia":[{"embeddable":true,"href":"https:\/\/koferputolovac.com\/en\/wp-json\/wp\/v2\/media\/6360"}],"wp:attachment":[{"href":"https:\/\/koferputolovac.com\/en\/wp-json\/wp\/v2\/media?parent=6332"}],"wp:term":[{"taxonomy":"category","embeddable":true,"href":"https:\/\/koferputolovac.com\/en\/wp-json\/wp\/v2\/categories?post=6332"},{"taxonomy":"post_tag","embeddable":true,"href":"https:\/\/koferputolovac.com\/en\/wp-json\/wp\/v2\/tags?post=6332"}],"curies":[{"name":"wp","href":"https:\/\/api.w.org\/{rel}","templated":true}]}}