{"id":6644,"date":"2026-05-03T15:21:09","date_gmt":"2026-05-03T13:21:09","guid":{"rendered":"https:\/\/koferputolovac.com\/?p=6644"},"modified":"2026-06-14T11:27:58","modified_gmt":"2026-06-14T09:27:58","slug":"vracarske-sume-mitska-bica-golije","status":"publish","type":"post","link":"https:\/\/koferputolovac.com\/en\/2026\/05\/03\/vracarske-sume-mitska-bica-golije\/","title":{"rendered":"The Forests of Vra\u010dar: Mythical Beings of Golija"},"content":{"rendered":"<p class=\"wp-block-paragraph\">Vra\u010darske \u0161ume nastanjuju vile, drekavci, vodenjaci i druge stare sile kojima \u010dovek nije dorastao. Njima se no\u0107u ne prolazi! Posebno NE u onim satima posle pono\u0107i \u2013 ve\u0161ti\u010dji sati. Staze se tada gube, sile se bude, ljudi se vra\u0107aju ku\u0107i bez pameti.<\/p>\n\n\n\n<hr class=\"wp-block-separator has-alpha-channel-opacity\" \/>\n\n\n\n<h3 class=\"wp-block-heading has-large-font-size\">Ravijojla<\/h3>\n\n\n\n<p class=\"wp-block-paragraph\">Stare pri\u010de vezuju ime <strong><a href=\"https:\/\/koferputolovac.com\/en\/2023\/10\/12\/vile\/\"><em>Ravijojla<\/em><\/a><\/strong> za vilu koja \u017eivi u planinama iznad Ra\u0161ke. U selima razbacanim po Goliji \u0107e re\u0107i da je ba\u0161 ta planina dom najmo\u0107nijoj od svih zagorkinja. Tragovi o lepoj zlatokosoj vode preko Ku\u010daja i Homolja \u010dak do Miro\u010da. \u0160to i ne \u010dudi jer Vlasi koji nastanjuju isto\u010dnu Srbiju dovode se u vezu sa Vlasima iz okoline Novog Pazara.<\/p>\n\n\n\n<hr class=\"wp-block-separator has-alpha-channel-opacity\" \/>\n\n\n\n<p class=\"wp-block-paragraph\">Epohe se smenjuju a sa njima i kraljevstva, nazivi zemalja i imena naroda i plemena. Iz pojedinih izvora sam doznao da su Vlasi zapravo romanizovani Kelti. Ali starosedeoci pomenutih prostora su bili i Tra\u010dani, Iliri i Tribali. S tim u vezi, otkrio sam da me\u0161tani sela podno Homolja i \u0161irom kotline Zvi\u017ed, ba\u0161 kao i u selima stare Ra\u0161ke, bolje od drugih poznaju fenomen rusaljki. <a href=\"https:\/\/koferputolovac.com\/en\/2023\/08\/19\/rusaljke\/\"><em>\u017dene padalice zaslu\u017euju jedan sasvim svoj \u010dlanak i u ovom ih vi\u0161e ne\u0107u pominjati<\/em><\/a>.<\/p>\n\n\n\n<p class=\"wp-block-paragraph\">Ali hajde da ubacim jo\u0161 par re\u010denica o Vlasima novopazarskog kraja. U nekim izvorima sam prona\u0161ao podatak da ih je kao staro pleme pominjao i sam Gaj Julije Cezar. U nekim \u0161tampanim izdanjima sam pro\u010ditao kako ih veliki \u017eupan Stefan Nemanja nije previ\u0161e po\u0161tovao. Njegov sin i kralj Stefan Prvoven\u010dani jo\u0161 manje. Nasuprot vladarima iz Starog Rasa, Turci ih nisu uznemiravali. Vlasi su se prete\u017eno bavili ov\u010darstvom i kao takvi stekli su za\u0161titu novih gospodara Balkana. Nisu bili preveliki ljubitelji duboke vode, ali to je bila karakteristika i ostalih plemena koja su verovala u vodenjake. Jedan od toponima koji svedo\u010di o pro\u0161lim vremenima je i mahala Pustovlah nedaleko od Novog Pazara.<\/p>\n\n\n\n<hr class=\"wp-block-separator has-alpha-channel-opacity\" \/>\n\n\n\n<p class=\"wp-block-paragraph\">Ravijojla u\u017eiva poseban status me\u0111u \u0161umskim vilama. Ponekad bi im se pridru\u017eila u vilinkolu na planinskim livadama. O njenoj lepoti i mo\u0107ima samo se \u0161apu\u0107e. Onaj koji ju je ugledao ne sme da prenosi vest o tom susretu. U suprotnom \u2013 bi\u0107e ka\u017enjen. Njen glas je \u010daroban i mo\u017ee da oma\u0111ija svakog \u010dveka. A ako ba\u0161 \u017eeli, oslepe\u0107e na oba oka ili \u0107e oduzeti svu pamet onom ko je uvredi.<\/p>\n\n\n\n<hr class=\"wp-block-separator has-alpha-channel-opacity\" \/>\n\n\n\n<h3 class=\"wp-block-heading has-large-font-size\">Drekavci<\/h3>\n\n\n\n<p class=\"wp-block-paragraph\">Me\u0111u stvorenjima koja opsedaju Goliju i planine zapadne Srbije su i drekavaci. No\u0107na bi\u0107a koja se uvek oglase pre nego da se poka\u017eu. Njihovi krici izazivaju strah koji telo oblije hladnim znojem. Poput pla\u010da deteta ili svinje koja ski\u010di. Niskog su rasta, buljavih o\u010diju, izdu\u017eenih nogu i ruku i prljave kose.<\/p>\n\n\n\n<p class=\"wp-block-paragraph\">Drekavac je du\u0161a nekr\u0161tenog i prerano umrlog deteta. U ve\u010dnom poku\u0161aju da prona\u0111e svoju porodicu me\u0111u \u017eivima, takva nikada ne prona\u0111e svoj mir u svetu mrtvih.<\/p>\n\n\n\n<hr class=\"wp-block-separator has-alpha-channel-opacity\" \/>\n\n\n\n<h3 class=\"wp-block-heading has-large-font-size\">Vodenjaci<\/h3>\n\n\n\n<p class=\"wp-block-paragraph\">U dubokim vodama planina \u017eive vodenjaci. Ova bi\u0107a nastaju od du\u0161a utopljenika. Danju ih nije mogu\u0107e videti ali no\u0107 pored reka i jezera pripada njima. Iza\u0161li bi iz vode i sedeli bi na kamenu pod svetlo\u0161\u0107u zvezda i Meseca. Demoni u ljudskom obliku dozivaju prolaznike prijateljskim glasom.<\/p>\n\n\n\n<hr class=\"wp-block-separator has-alpha-channel-opacity\" \/>\n\n\n\n<p class=\"wp-block-paragraph\"><em>Author: Aleksandar Bogdanovi\u0107<\/em><\/p>","protected":false},"excerpt":{"rendered":"<p>Meet Ravijojla, the drekavci, and the vodenjaci \u2013 unusual inhabitants of the mystical forests of western Serbia<\/p>","protected":false},"author":230643957,"featured_media":6676,"comment_status":"open","ping_status":"open","sticky":false,"template":"","format":"standard","meta":{"advanced_seo_description":"","jetpack_seo_html_title":"","jetpack_seo_noindex":false,"jetpack_seo_schema_type":"","_jetpack_newsletter_access":"","_jetpack_dont_email_post_to_subs":false,"_jetpack_newsletter_tier_id":0,"_jetpack_memberships_contains_paywalled_content":false,"_wpcom_ai_launchpad_first_post":false,"_jetpack_feature_clip_id":0,"_jetpack_memberships_contains_paid_content":false,"footnotes":"","jetpack_publicize_message":"","jetpack_publicize_feature_enabled":true,"jetpack_social_post_already_shared":false,"jetpack_social_options":{"image_generator_settings":{"template":"highway","default_image_id":0,"font":"","enabled":false},"version":2},"jetpack_post_was_ever_published":false},"categories":[6830822,2622],"tags":[273,183857475,64401988,26271,1099,660,417514874,768486300,550903460,1400,531100,321149536,349,37863764],"class_list":["post-6644","post","type-post","status-publish","format-standard","has-post-thumbnail","hentry","category-kofer","category-story","tag-blog","tag-content-create","tag-drekavci","tag-journey","tag-nature","tag-people","tag-ravijojla","tag-stories-collect","tag-stories-create","tag-storytelling","tag-vile","tag-vodenjaci","tag-writing","tag-zapadna-srbija"],"jetpack_publicize_connections":[],"jetpack_likes_enabled":true,"jetpack_sharing_enabled":true,"jetpack_shortlink":"https:\/\/wp.me\/pevCtC-1Ja","jetpack-related-posts":[],"jetpack_featured_media_url":"https:\/\/i0.wp.com\/koferputolovac.com\/wp-content\/uploads\/2026\/05\/legende-20.jpg?fit=2000%2C915&ssl=1","_links":{"self":[{"href":"https:\/\/koferputolovac.com\/en\/wp-json\/wp\/v2\/posts\/6644","targetHints":{"allow":["GET"]}}],"collection":[{"href":"https:\/\/koferputolovac.com\/en\/wp-json\/wp\/v2\/posts"}],"about":[{"href":"https:\/\/koferputolovac.com\/en\/wp-json\/wp\/v2\/types\/post"}],"author":[{"embeddable":true,"href":"https:\/\/koferputolovac.com\/en\/wp-json\/wp\/v2\/users\/230643957"}],"replies":[{"embeddable":true,"href":"https:\/\/koferputolovac.com\/en\/wp-json\/wp\/v2\/comments?post=6644"}],"version-history":[{"count":17,"href":"https:\/\/koferputolovac.com\/en\/wp-json\/wp\/v2\/posts\/6644\/revisions"}],"predecessor-version":[{"id":6845,"href":"https:\/\/koferputolovac.com\/en\/wp-json\/wp\/v2\/posts\/6644\/revisions\/6845"}],"wp:featuredmedia":[{"embeddable":true,"href":"https:\/\/koferputolovac.com\/en\/wp-json\/wp\/v2\/media\/6676"}],"wp:attachment":[{"href":"https:\/\/koferputolovac.com\/en\/wp-json\/wp\/v2\/media?parent=6644"}],"wp:term":[{"taxonomy":"category","embeddable":true,"href":"https:\/\/koferputolovac.com\/en\/wp-json\/wp\/v2\/categories?post=6644"},{"taxonomy":"post_tag","embeddable":true,"href":"https:\/\/koferputolovac.com\/en\/wp-json\/wp\/v2\/tags?post=6644"}],"curies":[{"name":"wp","href":"https:\/\/api.w.org\/{rel}","templated":true}]}}