{"id":6696,"date":"2026-05-08T12:52:48","date_gmt":"2026-05-08T10:52:48","guid":{"rendered":"https:\/\/koferputolovac.com\/?p=6696"},"modified":"2026-05-27T15:30:48","modified_gmt":"2026-05-27T13:30:48","slug":"crveni-kamen-legenda-o-marku-kraljevicu","status":"publish","type":"post","link":"https:\/\/koferputolovac.com\/en\/2026\/05\/08\/crveni-kamen-legenda-o-marku-kraljevicu\/","title":{"rendered":"Red Rock: The Legend of Kraljevi\u0107 Marko"},"content":{"rendered":"<p class=\"wp-block-paragraph\">Ra\u0161kom se \u0161ire pri\u010de o velikom ratniku koji je spre\u010dio brojna razbojni\u0161tva tokom svog \u017eivota. Odbranio je od haramija mnoge putnike na putevima kroz planine i sa\u010duvao narod od odpadni\u0161tva i nepravde svake vrste. Sva sela behu zahvalna na za\u0161titi koju im je davao od napada kojekakvih odmetnika. Snaga, \u010dast i po\u0161tenje bili su kruna Marka Kraljevi\u0107a.<\/p>\n\n\n\n<p class=\"wp-block-paragraph\">Tutanj \u0160arca kroz planinske prolaze dr\u017eao je razbojnike podalje od drumova. Junak je osmatrao mahale i usamljene gostionice na putu, sa \u0161irokih le\u0111a svog bojnog konja, \u0161tite\u0107i ih od plja\u010dke i uni\u0161tenja. Seljani bi \u010desto ugledali svog za\u0161titnika na nekom od brda iznad naselja dok stra\u017eari nad zemljama slavne loze Nemanji\u0107a.<\/p>\n\n\n\n<p class=\"wp-block-paragraph\">Svojim ubojitim ma\u010dem u jednoj i \u010deli\u010dnim \u0161titom u drugoj ruci, ratnik je uselio strah u srca svih onih \u010dije namere nisu bile \u010dasne. Mahal\u010dani cele Ra\u0161ke, u svojoj \u010destitosti i iz velike ljubavi prema Kraljevi\u0107u, nazvali su svoja sela istim imenom \u2013 sigurno Markovo mesto.<\/p>\n\n\n\n<p class=\"wp-block-paragraph\">Ali ni najhrabriji ne \u017eive doveka. Jednog dana, onog nepo\u017eeljnog u se\u0107anju naroda, odmetnici od reda i zakona su na\u010dinili delo kakvo niko nije o\u010dekivao. Dru\u017eina haramija je nadja\u010dala \u010duvara svih srpskih zemalja. Kraljevi\u0107, sam u borbi protiv njih devedeset i devetorice, pao je brane\u0107i prolaz kroz planinu.<\/p>\n\n\n\n<p class=\"wp-block-paragraph\">Na mestu gde je za\u0161titnik naroda pao prolila se juna\u010dka krv. \u010citava stena na kojoj je izdahnuo obojena je tada u crveno. Doga\u0111alo se u pojedinim no\u0107ima da Crveni kamen zasvetli i obasja drum putnicima. Neki su se zaklinjali da su \u010duli korake iza sebe ba\u0161 onda kada su prolazili pored stene, iako drugih nije bilo na putu.<\/p>\n\n\n\n<p class=\"wp-block-paragraph\">Telo Marka Kraljevi\u0107a pojela je zemlja, ali duh ratnika je pre\u017eiveo. Njegova du\u0161a i dalje \u010duva planinske prolaze od najezde razbojnika i zlih duhova koji lutaju gorom u potrazi za mestima gde bi da sviju svoja pogana legla.<\/p>\n\n\n\n<p class=\"wp-block-paragraph\">U narodu je ostalo uverenje da je Crveni kamen svet i da u njemu \u017eivi ne\u0161to staro i mo\u0107no. Svi koji prolaze pored krvave stene \u010distog srca nemaju razloga za strah.<\/p>\n\n\n\n<hr class=\"wp-block-separator has-alpha-channel-opacity\" \/>\n\n\n\n<p class=\"wp-block-paragraph\"><em>Op\u0161tina Ra\u0161ka, Turisti\u010dka organizacija Ra\u0161ka<\/em><\/p>\n\n\n\n<hr class=\"wp-block-separator has-alpha-channel-opacity\" \/>\n\n\n\n<p class=\"wp-block-paragraph\">Jedna je od dve legende o Marku Kraljevi\u0107u, pobratimu Relje od Pazara, koje sam zapisao tokom obilaska zapadne Srbije. Druga bi bila:<\/p>\n\n\n\n<p class=\"wp-block-paragraph\">&#8222;Junak iz Prilepa spa\u0161ava Bosnu od d\u017einova&#8220;<\/p>\n\n\n\n<p class=\"wp-block-paragraph\">Pored navedene dve, saslu\u0161ao sam i zabele\u017eio jo\u0161 nekoliko desetina pri\u010da pose\u0107uju\u0107i sela i gradove od Povlena do Golije.<\/p>\n\n\n\n<hr class=\"wp-block-separator has-alpha-channel-opacity\" \/>\n\n\n\n<p class=\"wp-block-paragraph\"><em>Deo mojih saznanja o obi\u010dajima i legendama Novog Pazara i okoline dolazi iz knjige: \u201e100 legendi i pri\u010da iz Starog Rasa\u201c Elijas Rebronja&#8230;<\/em><\/p>\n\n\n\n<hr class=\"wp-block-separator has-alpha-channel-opacity\" \/>\n\n\n\n<p class=\"wp-block-paragraph\">Brojna su predanja o Marku Kraljevi\u0107u. Fragmenti legenti teku \u010ditavim jugom Srbije, \u0161to je i prirodno. Ako krstarite selima P\u010dinjskog okruga svakako \u0107ete \u010duti za Markov krstasti kamen u selu Mazara\u0107. Postoji komad stene koja je podlegla snazi velikog junaka pod njegovim stopalom. \u010cak i stolica u kamenu koja je imala tu \u010dast da Kraljevi\u0107u pru\u017ei malo odu\u0161ka. Ostalo je i udubljenje u steni u obliku korita gde se kupao u dolini Bu\u0161tranjske reke. Stupaljka je trag u kamenu koji je ostavio za sobom kada je stupio kod Novog Sela. Planinski kr\u0161 je \u010dest simbol snage u pri\u010dama ali i slabosti kada stenu nagazi ili na nju sedne junak iz Prilepa. Kamen se tada istopi i poprimi oblik stopala ili sedala.<\/p>\n\n\n\n<p class=\"wp-block-paragraph\">Markovo kale u blizini Vranja mo\u017ee se posetiti i danas. Barem ostaci tvr\u0111eve koji svedo\u010de o \u017eivotu tog vremena. Pri\u010de govore da je gradio i kale na \u010cukaru pokraj Mutnice, nedaleko od sela Ljute\u017e u kojem su \u017eiveli d\u017eidovi. I kod Pre\u0161eva postoji grad u \u010dijem se bunaru udavila devojka koja nije htela da se uda za muslimana. Njene poslednje re\u010di bile su: &#8222;Za Tur\u010dina ne\u0107u ali za vodu ho\u0107u!&#8220;<\/p>\n\n\n\n<p class=\"wp-block-paragraph\">Planine Krstilovica, Pla\u010devica (danas Plja\u010dkovica) i Kukavica dobile su svoje nazive u spomen na herojske podvige Kraljevi\u0107a iz Makedonije. A spisak Markovih velikih dela i prate\u0107ih toponima nije kratak. Pobijen kamen kod Vranja jedan je od onih koji je leteo ba\u010den njegovom sna\u017enom rukom. Markov bunar kod Bujanovca iz kojeg je zahvatio vodu. \u0160arca kopita su tragovi na Besnoj Kobili i na Dukatu. Rasterao je \u010dak i one \u0111avole \u0161to su ru\u0161ili most u gradnji na Moravi blizu banje kod Kumarevske \u010duke.<\/p>\n\n\n\n<p class=\"wp-block-paragraph\">Legende o Marku Kraljevi\u0107u koje sam zapele\u017eeo obilaze\u0107i jugoisto\u010dnu Srbiju:<\/p>\n\n\n\n<p class=\"wp-block-paragraph\">&#8222;Zidanje Stubalske crkve&#8220;<\/p>\n\n\n\n<p class=\"wp-block-paragraph\">&#8222;Markovo kale&#8220;<\/p>\n\n\n\n<p class=\"wp-block-paragraph\">&#8222;Vila junaka na megdan poziva&#8220;<\/p>\n\n\n\n<p class=\"wp-block-paragraph\">Moje krstarenje P\u010dinjom samo je deo obilaska gradova i sela isto\u010dnih predela Srbije. Vi\u0161emese\u010dno planinarenje i spavanje u \u0161atoru, uz razgovore sa me\u0161tanima, poklonili su mi nekoliko desetina bajkovitih pri\u010da. Nadam se da \u0107u ih uskoro, zajedno sa onim iz zapadne i centralne Srbije, objaviti kao zbirku legendi koje govore o obi\u010dajima, verovanjima i strahovima ljudi koji su nekada \u017eiveli.<\/p>\n\n\n\n<hr class=\"wp-block-separator has-alpha-channel-opacity\" \/>\n\n\n\n<p class=\"wp-block-paragraph\"><em>Neke obi\u010daje i legende P\u010dinje upoznao sam u knjizi: <\/em><br>\u201e<em>Legende i predanja\u201c Mom\u010dilo Zlatanovi\u0107<\/em>.<\/p>\n\n\n\n<hr class=\"wp-block-separator has-alpha-channel-opacity\" \/>\n\n\n\n<p class=\"wp-block-paragraph\"><em>Primer legende iz isto\u010dne Srbije: <\/em><a href=\"https:\/\/koferputolovac.com\/en\/2023\/08\/20\/legende-o-rusaljkama\/\"><em>&#8222;Dve kraljice i Dubo\u010dka pe\u0107ina&#8220;<\/em><\/a>.<\/p>\n\n\n\n<hr class=\"wp-block-separator has-alpha-channel-opacity\" \/>\n\n\n\n<p class=\"wp-block-paragraph\"><em>Author: Aleksandar Bogdanovi\u0107<\/em><\/p>","protected":false},"excerpt":{"rendered":"<p>Legends of Western Serbia<\/p>","protected":false},"author":230643957,"featured_media":5661,"comment_status":"open","ping_status":"open","sticky":false,"template":"","format":"standard","meta":{"advanced_seo_description":"","jetpack_seo_html_title":"","jetpack_seo_noindex":false,"jetpack_seo_schema_type":"","_jetpack_newsletter_access":"","_jetpack_dont_email_post_to_subs":false,"_jetpack_newsletter_tier_id":0,"_jetpack_memberships_contains_paywalled_content":false,"_wpcom_ai_launchpad_first_post":false,"_jetpack_feature_clip_id":0,"_jetpack_memberships_contains_paid_content":false,"footnotes":"","jetpack_publicize_message":"","jetpack_publicize_feature_enabled":true,"jetpack_social_post_already_shared":false,"jetpack_social_options":{"image_generator_settings":{"template":"highway","default_image_id":0,"font":"","enabled":false},"version":2},"jetpack_post_was_ever_published":false},"categories":[6830822,2622],"tags":[273,183857475,678,26271,285288,18022205,1099,660,768486300,550903460,1400,37863764],"class_list":["post-6696","post","type-post","status-publish","format-standard","has-post-thumbnail","hentry","category-kofer","category-story","tag-blog","tag-content-create","tag-history","tag-journey","tag-legende","tag-marko-kraljevic","tag-nature","tag-people","tag-stories-collect","tag-stories-create","tag-storytelling","tag-zapadna-srbija"],"jetpack_publicize_connections":[],"jetpack_likes_enabled":true,"jetpack_sharing_enabled":true,"jetpack_shortlink":"https:\/\/wp.me\/pevCtC-1K0","jetpack-related-posts":[],"jetpack_featured_media_url":"https:\/\/i0.wp.com\/koferputolovac.com\/wp-content\/uploads\/2023\/12\/legende-11.jpg?fit=2000%2C914&ssl=1","_links":{"self":[{"href":"https:\/\/koferputolovac.com\/en\/wp-json\/wp\/v2\/posts\/6696","targetHints":{"allow":["GET"]}}],"collection":[{"href":"https:\/\/koferputolovac.com\/en\/wp-json\/wp\/v2\/posts"}],"about":[{"href":"https:\/\/koferputolovac.com\/en\/wp-json\/wp\/v2\/types\/post"}],"author":[{"embeddable":true,"href":"https:\/\/koferputolovac.com\/en\/wp-json\/wp\/v2\/users\/230643957"}],"replies":[{"embeddable":true,"href":"https:\/\/koferputolovac.com\/en\/wp-json\/wp\/v2\/comments?post=6696"}],"version-history":[{"count":25,"href":"https:\/\/koferputolovac.com\/en\/wp-json\/wp\/v2\/posts\/6696\/revisions"}],"predecessor-version":[{"id":6877,"href":"https:\/\/koferputolovac.com\/en\/wp-json\/wp\/v2\/posts\/6696\/revisions\/6877"}],"wp:featuredmedia":[{"embeddable":true,"href":"https:\/\/koferputolovac.com\/en\/wp-json\/wp\/v2\/media\/5661"}],"wp:attachment":[{"href":"https:\/\/koferputolovac.com\/en\/wp-json\/wp\/v2\/media?parent=6696"}],"wp:term":[{"taxonomy":"category","embeddable":true,"href":"https:\/\/koferputolovac.com\/en\/wp-json\/wp\/v2\/categories?post=6696"},{"taxonomy":"post_tag","embeddable":true,"href":"https:\/\/koferputolovac.com\/en\/wp-json\/wp\/v2\/tags?post=6696"}],"curies":[{"name":"wp","href":"https:\/\/api.w.org\/{rel}","templated":true}]}}